{"id":525,"date":"2018-08-10T12:04:12","date_gmt":"2018-08-10T10:04:12","guid":{"rendered":"http:\/\/weserhelden.com\/?p=525"},"modified":"2023-04-13T11:27:14","modified_gmt":"2023-04-13T09:27:14","slug":"die-weserhelden-2018-stehen-vor-der-tur","status":"publish","type":"post","link":"https:\/\/weserhelden.com\/?p=525","title":{"rendered":"Die Weserhelden 2018 stehen vor der T\u00fcr"},"content":{"rendered":"<p>Am 20.09.2018 hei\u00dft es bei unserem 7. Bremer Klimalauf wieder: &#8220;Kleine Helden, gro\u00dfe Wirkung!&#8221;.<\/p>\n<p>Gemeinsam mit Deiner Klasse kannst Du durch eine kleine Tat etwas Gutes f\u00fcr die Umwelt tun. Alle Infos findet Ihr auf dieser Website. Wir freuen uns auf Euch und einen tollen gemeinsamen Tag!<\/p>\n<p>Euer Sportgarten-Team<\/p>\n<p>Weitere Informationen<br \/>\n<a href=\"http:\/\/weserhelden.com\/wp-content\/uploads\/2018\/09\/Plakat_Weserhelden_2018.pdf\">Plakat_Weserhelden_2018<\/a><\/p>\n<p>F\u00fcr LehrerInnen\/TeilnehmerInnen<br \/>\n<a href=\"http:\/\/weserhelden.com\/wp-content\/uploads\/2018\/09\/I.-Vorbereitung-Weserhelden.pdf\">I. Vorbereitung Weserhelden<\/a><br \/>\n<a href=\"http:\/\/weserhelden.com\/wp-content\/uploads\/2018\/09\/II.-Durchf\u00fchrung-Weserhelden.pdf\">II. Durchf\u00fchrung Weserhelden<\/a><br \/>\n<a href=\"http:\/\/weserhelden.com\/wp-content\/uploads\/2018\/09\/III.-Nachbereitung-Weserhelden_1.pdf\">III. Nachbereitung Weserhelden<\/a><\/p>\n","protected":false},"excerpt":{"rendered":"<p>Am 20.09.2018 hei\u00dft es bei unserem 7. Bremer Klimalauf wieder: &#8220;Kleine Helden, gro\u00dfe Wirkung!&#8221;. Gemeinsam mit Deiner Klasse kannst Du durch eine kleine Tat etwas Gutes f\u00fcr die Umwelt tun. Alle Infos findet Ihr auf dieser Website. Wir freuen uns auf Euch und einen tollen gemeinsamen Tag! Euer Sportgarten-Team Weitere Informationen Plakat_Weserhelden_2018 F\u00fcr LehrerInnen\/TeilnehmerInnen I. [&hellip;]<\/p>\n","protected":false},"author":2,"featured_media":0,"comment_status":"closed","ping_status":"open","sticky":false,"template":"","format":"standard","meta":{"footnotes":""},"categories":[1],"tags":[],"class_list":["post-525","post","type-post","status-publish","format-standard","hentry","category-uncategorized"],"_links":{"self":[{"href":"https:\/\/weserhelden.com\/index.php?rest_route=\/wp\/v2\/posts\/525","targetHints":{"allow":["GET"]}}],"collection":[{"href":"https:\/\/weserhelden.com\/index.php?rest_route=\/wp\/v2\/posts"}],"about":[{"href":"https:\/\/weserhelden.com\/index.php?rest_route=\/wp\/v2\/types\/post"}],"author":[{"embeddable":true,"href":"https:\/\/weserhelden.com\/index.php?rest_route=\/wp\/v2\/users\/2"}],"replies":[{"embeddable":true,"href":"https:\/\/weserhelden.com\/index.php?rest_route=%2Fwp%2Fv2%2Fcomments&post=525"}],"version-history":[{"count":5,"href":"https:\/\/weserhelden.com\/index.php?rest_route=\/wp\/v2\/posts\/525\/revisions"}],"predecessor-version":[{"id":543,"href":"https:\/\/weserhelden.com\/index.php?rest_route=\/wp\/v2\/posts\/525\/revisions\/543"}],"wp:attachment":[{"href":"https:\/\/weserhelden.com\/index.php?rest_route=%2Fwp%2Fv2%2Fmedia&parent=525"}],"wp:term":[{"taxonomy":"category","embeddable":true,"href":"https:\/\/weserhelden.com\/index.php?rest_route=%2Fwp%2Fv2%2Fcategories&post=525"},{"taxonomy":"post_tag","embeddable":true,"href":"https:\/\/weserhelden.com\/index.php?rest_route=%2Fwp%2Fv2%2Ftags&post=525"}],"curies":[{"name":"wp","href":"https:\/\/api.w.org\/{rel}","templated":true}]}}