{"id":616,"date":"2019-12-11T13:22:21","date_gmt":"2019-12-11T12:22:21","guid":{"rendered":"http:\/\/weserhelden.com\/?p=616"},"modified":"2023-04-13T11:27:14","modified_gmt":"2023-04-13T09:27:14","slug":"gluckliche-siegerinnen-der-weserhelden","status":"publish","type":"post","link":"https:\/\/weserhelden.com\/?p=616","title":{"rendered":"Gl\u00fcckliche Sieger*innen der Weserhelden"},"content":{"rendered":"<p><a href=\"http:\/\/weserhelden.com\/wp-content\/uploads\/2019\/12\/GOSE9600.jpg\"><img loading=\"lazy\" decoding=\"async\" class=\"alignnone size-medium wp-image-625\" src=\"http:\/\/weserhelden.com\/wp-content\/uploads\/2019\/12\/GOSE9600-300x225.jpg\" alt=\"GOSE9600\" width=\"300\" height=\"225\" srcset=\"https:\/\/weserhelden.com\/wp-content\/uploads\/2019\/12\/GOSE9600-300x225.jpg 300w, https:\/\/weserhelden.com\/wp-content\/uploads\/2019\/12\/GOSE9600-768x576.jpg 768w, https:\/\/weserhelden.com\/wp-content\/uploads\/2019\/12\/GOSE9600-1024x768.jpg 1024w, https:\/\/weserhelden.com\/wp-content\/uploads\/2019\/12\/GOSE9600-624x468.jpg 624w, https:\/\/weserhelden.com\/wp-content\/uploads\/2019\/12\/GOSE9600.jpg 1600w\" sizes=\"auto, (max-width: 300px) 100vw, 300px\" \/><\/a><a href=\"http:\/\/weserhelden.com\/wp-content\/uploads\/2019\/12\/VNNI2799.jpg\"><img loading=\"lazy\" decoding=\"async\" class=\"alignnone size-medium wp-image-628\" src=\"http:\/\/weserhelden.com\/wp-content\/uploads\/2019\/12\/VNNI2799-300x225.jpg\" alt=\"VNNI2799\" width=\"300\" height=\"225\" srcset=\"https:\/\/weserhelden.com\/wp-content\/uploads\/2019\/12\/VNNI2799-300x225.jpg 300w, https:\/\/weserhelden.com\/wp-content\/uploads\/2019\/12\/VNNI2799-768x576.jpg 768w, https:\/\/weserhelden.com\/wp-content\/uploads\/2019\/12\/VNNI2799-1024x768.jpg 1024w, https:\/\/weserhelden.com\/wp-content\/uploads\/2019\/12\/VNNI2799-624x468.jpg 624w, https:\/\/weserhelden.com\/wp-content\/uploads\/2019\/12\/VNNI2799.jpg 1600w\" sizes=\"auto, (max-width: 300px) 100vw, 300px\" \/><\/a><\/p>\n<p>Die Kinder und Jugendlichen haben bei den diesj\u00e4hrigen Weserhelden gro\u00dfartige Ergebnisse (siehe auch Laufergebnisse) erzielt und wurden daf\u00fcr mit tollen Sachpreisen belohnt.<\/p>\n<p>Ein gro\u00dfes Dankesch\u00f6n geht an die Preisstifter!<\/p>\n<p><a href=\"http:\/\/weserhelden.com\/wp-content\/uploads\/2019\/12\/ppp-weserhelden-2019-Siegerehrung.jpg\"><img loading=\"lazy\" decoding=\"async\" class=\"alignnone wp-image-619\" src=\"http:\/\/weserhelden.com\/wp-content\/uploads\/2019\/12\/ppp-weserhelden-2019-Siegerehrung-300x225.jpg\" alt=\"ppp weserhelden 2019-Siegerehrung\" width=\"291\" height=\"218\" srcset=\"https:\/\/weserhelden.com\/wp-content\/uploads\/2019\/12\/ppp-weserhelden-2019-Siegerehrung-300x225.jpg 300w, https:\/\/weserhelden.com\/wp-content\/uploads\/2019\/12\/ppp-weserhelden-2019-Siegerehrung-768x576.jpg 768w, https:\/\/weserhelden.com\/wp-content\/uploads\/2019\/12\/ppp-weserhelden-2019-Siegerehrung-624x468.jpg 624w, https:\/\/weserhelden.com\/wp-content\/uploads\/2019\/12\/ppp-weserhelden-2019-Siegerehrung.jpg 960w\" sizes=\"auto, (max-width: 291px) 100vw, 291px\" \/><\/a><\/p>\n","protected":false},"excerpt":{"rendered":"<p>Die Kinder und Jugendlichen haben bei den diesj\u00e4hrigen Weserhelden gro\u00dfartige Ergebnisse (siehe auch Laufergebnisse) erzielt und wurden daf\u00fcr mit tollen Sachpreisen belohnt. Ein gro\u00dfes Dankesch\u00f6n geht an die Preisstifter!<\/p>\n","protected":false},"author":2,"featured_media":0,"comment_status":"closed","ping_status":"open","sticky":false,"template":"","format":"standard","meta":{"footnotes":""},"categories":[1],"tags":[],"class_list":["post-616","post","type-post","status-publish","format-standard","hentry","category-uncategorized"],"_links":{"self":[{"href":"https:\/\/weserhelden.com\/index.php?rest_route=\/wp\/v2\/posts\/616","targetHints":{"allow":["GET"]}}],"collection":[{"href":"https:\/\/weserhelden.com\/index.php?rest_route=\/wp\/v2\/posts"}],"about":[{"href":"https:\/\/weserhelden.com\/index.php?rest_route=\/wp\/v2\/types\/post"}],"author":[{"embeddable":true,"href":"https:\/\/weserhelden.com\/index.php?rest_route=\/wp\/v2\/users\/2"}],"replies":[{"embeddable":true,"href":"https:\/\/weserhelden.com\/index.php?rest_route=%2Fwp%2Fv2%2Fcomments&post=616"}],"version-history":[{"count":8,"href":"https:\/\/weserhelden.com\/index.php?rest_route=\/wp\/v2\/posts\/616\/revisions"}],"predecessor-version":[{"id":657,"href":"https:\/\/weserhelden.com\/index.php?rest_route=\/wp\/v2\/posts\/616\/revisions\/657"}],"wp:attachment":[{"href":"https:\/\/weserhelden.com\/index.php?rest_route=%2Fwp%2Fv2%2Fmedia&parent=616"}],"wp:term":[{"taxonomy":"category","embeddable":true,"href":"https:\/\/weserhelden.com\/index.php?rest_route=%2Fwp%2Fv2%2Fcategories&post=616"},{"taxonomy":"post_tag","embeddable":true,"href":"https:\/\/weserhelden.com\/index.php?rest_route=%2Fwp%2Fv2%2Ftags&post=616"}],"curies":[{"name":"wp","href":"https:\/\/api.w.org\/{rel}","templated":true}]}}