{"id":697,"date":"2022-10-04T17:16:04","date_gmt":"2022-10-04T15:16:04","guid":{"rendered":"http:\/\/weserhelden.com\/?p=697"},"modified":"2025-04-10T16:17:03","modified_gmt":"2025-04-10T14:17:03","slug":"eindrucke-von-den-weserhelden-2022","status":"publish","type":"post","link":"https:\/\/weserhelden.com\/?p=697","title":{"rendered":"Eindr\u00fccke von den Weserhelden 2022"},"content":{"rendered":"<p>Am <strong>29.09.2022<\/strong> sind ab 8:30 Uhr etwa 600 Sch\u00fcler*innen beim Wesertower als <strong>Weserheld*innen<\/strong> f\u00fcr das Klima zum Sportgarten gelaufen!<\/p>\n<p>Wir bedanken uns bei allen Teilnehmer*innen und Unterst\u00fctzer*innen!<\/p>\n<p><a href=\"http:\/\/weserhelden.com\/wp-content\/uploads\/2022\/10\/Weserhelden_Plakat_2022_inkl-bund_durban.jpg\"><img loading=\"lazy\" decoding=\"async\" class=\"alignnone size-medium wp-image-707\" src=\"http:\/\/weserhelden.com\/wp-content\/uploads\/2022\/10\/Weserhelden_Plakat_2022_inkl-bund_durban-212x300.jpg\" alt=\"Weserhelden_Plakat_2022_inkl bund_durban\" width=\"212\" height=\"300\" srcset=\"https:\/\/weserhelden.com\/wp-content\/uploads\/2022\/10\/Weserhelden_Plakat_2022_inkl-bund_durban-212x300.jpg 212w, https:\/\/weserhelden.com\/wp-content\/uploads\/2022\/10\/Weserhelden_Plakat_2022_inkl-bund_durban-768x1087.jpg 768w, https:\/\/weserhelden.com\/wp-content\/uploads\/2022\/10\/Weserhelden_Plakat_2022_inkl-bund_durban-723x1024.jpg 723w, https:\/\/weserhelden.com\/wp-content\/uploads\/2022\/10\/Weserhelden_Plakat_2022_inkl-bund_durban-624x884.jpg 624w\" sizes=\"auto, (max-width: 212px) 100vw, 212px\" \/><\/a><\/p>\n","protected":false},"excerpt":{"rendered":"<p>Am 29.09.2022 sind ab 8:30 Uhr etwa 600 Sch\u00fcler*innen beim Wesertower als Weserheld*innen f\u00fcr das Klima zum Sportgarten gelaufen! Wir bedanken uns bei allen Teilnehmer*innen und Unterst\u00fctzer*innen!<\/p>\n","protected":false},"author":2,"featured_media":0,"comment_status":"closed","ping_status":"open","sticky":false,"template":"","format":"standard","meta":{"footnotes":""},"categories":[1],"tags":[],"class_list":["post-697","post","type-post","status-publish","format-standard","hentry","category-uncategorized"],"_links":{"self":[{"href":"https:\/\/weserhelden.com\/index.php?rest_route=\/wp\/v2\/posts\/697","targetHints":{"allow":["GET"]}}],"collection":[{"href":"https:\/\/weserhelden.com\/index.php?rest_route=\/wp\/v2\/posts"}],"about":[{"href":"https:\/\/weserhelden.com\/index.php?rest_route=\/wp\/v2\/types\/post"}],"author":[{"embeddable":true,"href":"https:\/\/weserhelden.com\/index.php?rest_route=\/wp\/v2\/users\/2"}],"replies":[{"embeddable":true,"href":"https:\/\/weserhelden.com\/index.php?rest_route=%2Fwp%2Fv2%2Fcomments&post=697"}],"version-history":[{"count":6,"href":"https:\/\/weserhelden.com\/index.php?rest_route=\/wp\/v2\/posts\/697\/revisions"}],"predecessor-version":[{"id":755,"href":"https:\/\/weserhelden.com\/index.php?rest_route=\/wp\/v2\/posts\/697\/revisions\/755"}],"wp:attachment":[{"href":"https:\/\/weserhelden.com\/index.php?rest_route=%2Fwp%2Fv2%2Fmedia&parent=697"}],"wp:term":[{"taxonomy":"category","embeddable":true,"href":"https:\/\/weserhelden.com\/index.php?rest_route=%2Fwp%2Fv2%2Fcategories&post=697"},{"taxonomy":"post_tag","embeddable":true,"href":"https:\/\/weserhelden.com\/index.php?rest_route=%2Fwp%2Fv2%2Ftags&post=697"}],"curies":[{"name":"wp","href":"https:\/\/api.w.org\/{rel}","templated":true}]}}